{"id":990127593,"date":"2025-06-16T11:51:43","date_gmt":"2025-06-16T15:51:43","guid":{"rendered":"https:\/\/rebelviajes.com\/?p=990127593"},"modified":"2025-07-22T17:02:03","modified_gmt":"2025-07-22T21:02:03","slug":"aun-sin-planes-para-fiestas-patrias-vive-la-patagonia-como-nunca-%f0%9f%87%a8%f0%9f%87%b1","status":"publish","type":"post","link":"https:\/\/rebelviajes.com\/en\/aun-sin-planes-para-fiestas-patrias-vive-la-patagonia-como-nunca-%f0%9f%87%a8%f0%9f%87%b1\/","title":{"rendered":"\u00bfA\u00fan sin planes para Fiestas Patrias? Vive la Patagonia como nunca \ud83c\udde8\ud83c\uddf1\u00a0"},"content":{"rendered":"\t\t<div data-elementor-type=\"wp-post\" data-elementor-id=\"990127593\" class=\"elementor elementor-990127593\" data-elementor-post-type=\"post\">\n\t\t\t\t\t\t<section class=\"elementor-section elementor-top-section elementor-element elementor-element-90c71e5 elementor-section-boxed elementor-section-height-default elementor-section-height-default\" data-id=\"90c71e5\" data-element_type=\"section\" data-e-type=\"section\">\n\t\t\t\t\t\t<div class=\"elementor-container elementor-column-gap-default\">\n\t\t\t\t\t<div class=\"elementor-column elementor-col-100 elementor-top-column elementor-element elementor-element-4ede73c\" data-id=\"4ede73c\" data-element_type=\"column\" data-e-type=\"column\">\n\t\t\t<div class=\"elementor-widget-wrap elementor-element-populated\">\n\t\t\t\t\t\t<div class=\"elementor-element elementor-element-fe21e24 elementor-widget elementor-widget-text-editor\" data-id=\"fe21e24\" data-element_type=\"widget\" data-e-type=\"widget\" data-widget_type=\"text-editor.default\">\n\t\t\t\t<div class=\"elementor-widget-container\">\n\t\t\t\t\t\t\t\t\t<p>Septiembre es m\u00e1s que empanadas y cuecas. Es tambi\u00e9n una oportunidad \u00fanica para regalarte una pausa, reconectar con la naturaleza y celebrar a Chile en uno de sus rincones m\u00e1s salvajes e impresionantes: la Patagonia.<\/p><p>Este 18, cambia el asado en casa por una caminata frente a glaciares, lagos turquesa y monta\u00f1as nevadas. En Rebel Viajes te proponemos tres alternativas inolvidables para aprovechar los d\u00edas libres y vivir unas Fiestas Patrias llenas de aventura, paisajes y buena compa\u00f1\u00eda.<\/p>\t\t\t\t\t\t\t\t<\/div>\n\t\t\t\t<\/div>\n\t\t\t\t<div class=\"elementor-element elementor-element-dfede4d elementor-widget elementor-widget-image\" data-id=\"dfede4d\" data-element_type=\"widget\" data-e-type=\"widget\" data-widget_type=\"image.default\">\n\t\t\t\t<div class=\"elementor-widget-container\">\n\t\t\t\t\t\t\t\t\t\t\t\t\t\t\t<img fetchpriority=\"high\" decoding=\"async\" width=\"1920\" height=\"1280\" src=\"https:\/\/rebelviajes.com\/wp-content\/uploads\/2025\/03\/puerto-natales.jpg\" class=\"attachment-full size-full wp-image-990125252\" alt=\"\" srcset=\"https:\/\/rebelviajes.com\/wp-content\/uploads\/2025\/03\/puerto-natales.jpg 1920w, https:\/\/rebelviajes.com\/wp-content\/uploads\/2025\/03\/puerto-natales-300x200.jpg 300w, https:\/\/rebelviajes.com\/wp-content\/uploads\/2025\/03\/puerto-natales-1024x683.jpg 1024w, https:\/\/rebelviajes.com\/wp-content\/uploads\/2025\/03\/puerto-natales-768x512.jpg 768w, https:\/\/rebelviajes.com\/wp-content\/uploads\/2025\/03\/puerto-natales-1536x1024.jpg 1536w, https:\/\/rebelviajes.com\/wp-content\/uploads\/2025\/03\/puerto-natales-460x307.jpg 460w, https:\/\/rebelviajes.com\/wp-content\/uploads\/2025\/03\/puerto-natales-600x400.jpg 600w\" sizes=\"(max-width: 1920px) 100vw, 1920px\" \/>\t\t\t\t\t\t\t\t\t\t\t\t\t\t\t<\/div>\n\t\t\t\t<\/div>\n\t\t\t\t<div class=\"elementor-element elementor-element-cd3370f elementor-widget elementor-widget-heading\" data-id=\"cd3370f\" data-element_type=\"widget\" data-e-type=\"widget\" data-widget_type=\"heading.default\">\n\t\t\t\t<div class=\"elementor-widget-container\">\n\t\t\t\t\t<h3 class=\"elementor-heading-title elementor-size-default\">\ud83c\udf32 Programa Lenga 5D\/4N<\/h3>\t\t\t\t<\/div>\n\t\t\t\t<\/div>\n\t\t\t\t<div class=\"elementor-element elementor-element-7bcdfc9 elementor-widget elementor-widget-text-editor\" data-id=\"7bcdfc9\" data-element_type=\"widget\" data-e-type=\"widget\" data-widget_type=\"text-editor.default\">\n\t\t\t\t<div class=\"elementor-widget-container\">\n\t\t\t\t\t\t\t\t\t<p><em>Para quienes prefieren paisaje con relajo (y sin tanta caminata).<\/em><\/p><p>\u00bfTe gusta mirar la monta\u00f1a m\u00e1s que escalarla? Este programa es para ti. Con base en Puerto Natales, vas a conocer lo mejor de la zona sin tener que cargar la mochila por horas.<\/p><p>\ud83d\uddfa\ufe0f Incluye:<\/p><ul><li>Full day a Torres del Paine<\/li><li>Navegaci\u00f3n al Glaciar Grey<\/li><li>Alojamiento c\u00f3modo (\u00a1con calefacci\u00f3n, obvio!)<\/li><li>Todo listo para que solo disfrutes<\/li><\/ul><p><strong>Ideal para parejas, viajeros tranquilos y amantes del paisaje con copa de vino en mano.<\/strong><\/p>\t\t\t\t\t\t\t\t<\/div>\n\t\t\t\t<\/div>\n\t\t\t\t<div class=\"elementor-element elementor-element-771a2ba elementor-widget elementor-widget-heading\" data-id=\"771a2ba\" data-element_type=\"widget\" data-e-type=\"widget\" data-widget_type=\"heading.default\">\n\t\t\t\t<div class=\"elementor-widget-container\">\n\t\t\t\t\t<h3 class=\"elementor-heading-title elementor-size-default\">\u2744\ufe0f W Alternativa Invernal<\/h3>\t\t\t\t<\/div>\n\t\t\t\t<\/div>\n\t\t\t\t<div class=\"elementor-element elementor-element-dd5d48e elementor-widget elementor-widget-text-editor\" data-id=\"dd5d48e\" data-element_type=\"widget\" data-e-type=\"widget\" data-widget_type=\"text-editor.default\">\n\t\t\t\t<div class=\"elementor-widget-container\">\n\t\t\t\t\t\t\t\t\t<p><em>La W de Torres del Paine, pero en versi\u00f3n \u00e9pica (y nevada).<\/em><\/p><p>\u00bfListo para caminar entre monta\u00f1as, hielo y paisajes sin multitudes? Esta ruta guiada es tu oportunidad de hacer la famosa W en temporada baja, con la tranquilidad de tener todo organizado.<\/p><p>\ud83d\udd25 Incluye:<\/p><ul><li>Trekking a Base Torres, Valle Franc\u00e9s y Glaciar Grey<\/li><li>Refugios y comidas<\/li><li>Gu\u00edas expertos<\/li><li>Transporte y log\u00edstica resuelta<\/li><\/ul><p><strong>\u00bfEl bonus? Las vistas invernales parecen sacadas de una pel\u00edcula.<\/strong> Si te gusta el trekking, este programa te va a volar la cabeza.<\/p>\t\t\t\t\t\t\t\t<\/div>\n\t\t\t\t<\/div>\n\t\t\t\t<div class=\"elementor-element elementor-element-bb572b3 elementor-widget elementor-widget-image\" data-id=\"bb572b3\" data-element_type=\"widget\" data-e-type=\"widget\" data-widget_type=\"image.default\">\n\t\t\t\t<div class=\"elementor-widget-container\">\n\t\t\t\t\t\t\t\t\t\t\t\t\t\t\t<img decoding=\"async\" width=\"700\" height=\"600\" src=\"https:\/\/rebelviajes.com\/wp-content\/uploads\/2020\/08\/PuertoNatales6.jpg\" class=\"attachment-full size-full wp-image-990109670\" alt=\"Costanera de la ciudad de Puerto Natales, Patagonia chilena\" srcset=\"https:\/\/rebelviajes.com\/wp-content\/uploads\/2020\/08\/PuertoNatales6.jpg 700w, https:\/\/rebelviajes.com\/wp-content\/uploads\/2020\/08\/PuertoNatales6-300x257.jpg 300w, https:\/\/rebelviajes.com\/wp-content\/uploads\/2020\/08\/PuertoNatales6-600x514.jpg 600w\" sizes=\"(max-width: 700px) 100vw, 700px\" \/>\t\t\t\t\t\t\t\t\t\t\t\t\t\t\t<\/div>\n\t\t\t\t<\/div>\n\t\t\t\t<div class=\"elementor-element elementor-element-2838bb0 elementor-widget elementor-widget-heading\" data-id=\"2838bb0\" data-element_type=\"widget\" data-e-type=\"widget\" data-widget_type=\"heading.default\">\n\t\t\t\t<div class=\"elementor-widget-container\">\n\t\t\t\t\t<h3 class=\"elementor-heading-title elementor-size-default\">\ud83c\udde8\ud83c\uddf1 Patagonia Imperdible \u2013 Especial Fiestas Patrias<\/h3>\t\t\t\t<\/div>\n\t\t\t\t<\/div>\n\t\t\t\t<div class=\"elementor-element elementor-element-5092554 elementor-widget elementor-widget-text-editor\" data-id=\"5092554\" data-element_type=\"widget\" data-e-type=\"widget\" data-widget_type=\"text-editor.default\">\n\t\t\t\t<div class=\"elementor-widget-container\">\n\t\t\t\t\t\t\t\t\t<p><em>Para celebrar a Chile con vino, parrilla y glaciares de fondo.<\/em><\/p><p>Un programa pensado solo para estas fechas. Lo armamos con todo lo que amamos de la Patagonia: excursiones, asado al palo, paisajes y momentos inolvidables.<\/p><p>\ud83c\udf89 Incluye:<\/p><ul><li>Tour Panor\u00e1mico a Torres del Paine<\/li><li>Traslados<\/li><li>Alojamiento en Hotel Costaustrala<\/li><\/ul><p><strong>Perfecto para compartir en pareja, con amigos o en familia. Y s\u00ed, hay empanadas.<\/strong><\/p>\t\t\t\t\t\t\t\t<\/div>\n\t\t\t\t<\/div>\n\t\t\t\t<div class=\"elementor-element elementor-element-40524a7 elementor-widget elementor-widget-heading\" data-id=\"40524a7\" data-element_type=\"widget\" data-e-type=\"widget\" data-widget_type=\"heading.default\">\n\t\t\t\t<div class=\"elementor-widget-container\">\n\t\t\t\t\t<h3 class=\"elementor-heading-title elementor-size-default\">Entonces... \u00bfvas a quedarte en la fonda o vas a salir a explorar?<\/h3>\t\t\t\t<\/div>\n\t\t\t\t<\/div>\n\t\t\t\t<div class=\"elementor-element elementor-element-6379c8e elementor-widget elementor-widget-text-editor\" data-id=\"6379c8e\" data-element_type=\"widget\" data-e-type=\"widget\" data-widget_type=\"text-editor.default\">\n\t\t\t\t<div class=\"elementor-widget-container\">\n\t\t\t\t\t\t\t\t\t<p>\ud83d\udcc5 Estas Fiestas Patrias no se celebran, se viven.<\/p><p>\ud83c\udf92 \u00a1Elige tu programa, reserva tu cupo y prep\u00e1rate para una experiencia que s\u00ed o s\u00ed vas a querer repetir!<\/p><p>\ud83d\udc49 <strong>Cupos limitados<\/strong> (porque la Patagonia no espera a nadie).<\/p><p>\ud83d\udcac \u00bfTienes dudas? \u00a1Escr\u00edbenos y te ayudamos a armar tu escapada ideal!<\/p>\t\t\t\t\t\t\t\t<\/div>\n\t\t\t\t<\/div>\n\t\t\t\t\t<\/div>\n\t\t<\/div>\n\t\t\t\t\t<\/div>\n\t\t<\/section>\n\t\t\t\t<\/div>\n\t\t","protected":false},"excerpt":{"rendered":"<p>Septiembre es m\u00e1s que empanadas y cuecas. Es tambi\u00e9n una oportunidad \u00fanica para regalarte una pausa, reconectar con la naturaleza y celebrar a Chile en uno de sus rincones m\u00e1s salvajes e impresionantes: la Patagonia. Este 18, cambia el asado en casa por una caminata frente a glaciares, lagos turquesa y monta\u00f1as nevadas. En Rebel [&hellip;]<\/p>\n","protected":false},"author":3,"featured_media":192,"comment_status":"open","ping_status":"open","sticky":false,"template":"","format":"standard","meta":{"site-sidebar-layout":"default","site-content-layout":"","ast-site-content-layout":"default","site-content-style":"default","site-sidebar-style":"default","ast-global-header-display":"","ast-banner-title-visibility":"","ast-main-header-display":"","ast-hfb-above-header-display":"","ast-hfb-below-header-display":"","ast-hfb-mobile-header-display":"","site-post-title":"","ast-breadcrumbs-content":"","ast-featured-img":"","footer-sml-layout":"","ast-disable-related-posts":"","theme-transparent-header-meta":"","adv-header-id-meta":"","stick-header-meta":"","header-above-stick-meta":"","header-main-stick-meta":"","header-below-stick-meta":"","astra-migrate-meta-layouts":"default","ast-page-background-enabled":"default","ast-page-background-meta":{"desktop":{"background-color":"","background-image":"","background-repeat":"repeat","background-position":"center center","background-size":"auto","background-attachment":"scroll","background-type":"","background-media":"","overlay-type":"","overlay-color":"","overlay-opacity":"","overlay-gradient":""},"tablet":{"background-color":"","background-image":"","background-repeat":"repeat","background-position":"center center","background-size":"auto","background-attachment":"scroll","background-type":"","background-media":"","overlay-type":"","overlay-color":"","overlay-opacity":"","overlay-gradient":""},"mobile":{"background-color":"","background-image":"","background-repeat":"repeat","background-position":"center center","background-size":"auto","background-attachment":"scroll","background-type":"","background-media":"","overlay-type":"","overlay-color":"","overlay-opacity":"","overlay-gradient":""}},"ast-content-background-meta":{"desktop":{"background-color":"var(--ast-global-color-5)","background-image":"","background-repeat":"repeat","background-position":"center center","background-size":"auto","background-attachment":"scroll","background-type":"","background-media":"","overlay-type":"","overlay-color":"","overlay-opacity":"","overlay-gradient":""},"tablet":{"background-color":"var(--ast-global-color-5)","background-image":"","background-repeat":"repeat","background-position":"center center","background-size":"auto","background-attachment":"scroll","background-type":"","background-media":"","overlay-type":"","overlay-color":"","overlay-opacity":"","overlay-gradient":""},"mobile":{"background-color":"var(--ast-global-color-5)","background-image":"","background-repeat":"repeat","background-position":"center center","background-size":"auto","background-attachment":"scroll","background-type":"","background-media":"","overlay-type":"","overlay-color":"","overlay-opacity":"","overlay-gradient":""}},"footnotes":""},"categories":[1],"tags":[],"class_list":["post-990127593","post","type-post","status-publish","format-standard","has-post-thumbnail","hentry","category-sin-categorizar"],"_links":{"self":[{"href":"https:\/\/rebelviajes.com\/en\/wp-json\/wp\/v2\/posts\/990127593","targetHints":{"allow":["GET"]}}],"collection":[{"href":"https:\/\/rebelviajes.com\/en\/wp-json\/wp\/v2\/posts"}],"about":[{"href":"https:\/\/rebelviajes.com\/en\/wp-json\/wp\/v2\/types\/post"}],"author":[{"embeddable":true,"href":"https:\/\/rebelviajes.com\/en\/wp-json\/wp\/v2\/users\/3"}],"replies":[{"embeddable":true,"href":"https:\/\/rebelviajes.com\/en\/wp-json\/wp\/v2\/comments?post=990127593"}],"version-history":[{"count":0,"href":"https:\/\/rebelviajes.com\/en\/wp-json\/wp\/v2\/posts\/990127593\/revisions"}],"wp:featuredmedia":[{"embeddable":true,"href":"https:\/\/rebelviajes.com\/en\/wp-json\/wp\/v2\/media\/192"}],"wp:attachment":[{"href":"https:\/\/rebelviajes.com\/en\/wp-json\/wp\/v2\/media?parent=990127593"}],"wp:term":[{"taxonomy":"category","embeddable":true,"href":"https:\/\/rebelviajes.com\/en\/wp-json\/wp\/v2\/categories?post=990127593"},{"taxonomy":"post_tag","embeddable":true,"href":"https:\/\/rebelviajes.com\/en\/wp-json\/wp\/v2\/tags?post=990127593"}],"curies":[{"name":"wp","href":"https:\/\/api.w.org\/{rel}","templated":true}]}}