{"id":990126933,"date":"2025-06-07T09:55:22","date_gmt":"2025-06-07T13:55:22","guid":{"rendered":"https:\/\/rebelviajes.com\/patagonian-international-marathon-corra-no-fim-do-mundo-e-viva-uma-aventura-que-voce-jamais-vai-esquecer\/"},"modified":"2025-06-23T10:32:29","modified_gmt":"2025-06-23T14:32:29","slug":"patagonian-international-marathon-corra-no-fim-do-mundo-e-viva-uma-aventura-que-voce-jamais-vai-esquecer","status":"publish","type":"post","link":"https:\/\/rebelviajes.com\/pt-br\/patagonian-international-marathon-corra-no-fim-do-mundo-e-viva-uma-aventura-que-voce-jamais-vai-esquecer\/","title":{"rendered":"\ud83c\udfd4\ufe0f Patagonian International Marathon: Corra no fim do mundo e viva uma aventura que voc\u00ea jamais vai esquecer"},"content":{"rendered":"\t\t<div data-elementor-type=\"wp-post\" data-elementor-id=\"990126933\" class=\"elementor elementor-990126933 elementor-990126928\" data-elementor-post-type=\"post\">\n\t\t\t\t\t\t<section class=\"elementor-section elementor-top-section elementor-element elementor-element-10e911b elementor-section-boxed elementor-section-height-default elementor-section-height-default\" data-id=\"10e911b\" data-element_type=\"section\" data-e-type=\"section\">\n\t\t\t\t\t\t<div class=\"elementor-container elementor-column-gap-default\">\n\t\t\t\t\t<div class=\"elementor-column elementor-col-100 elementor-top-column elementor-element elementor-element-3ba9fbe\" data-id=\"3ba9fbe\" data-element_type=\"column\" data-e-type=\"column\">\n\t\t\t<div class=\"elementor-widget-wrap elementor-element-populated\">\n\t\t\t\t\t\t<div class=\"elementor-element elementor-element-a0897d1 elementor-widget elementor-widget-text-editor\" data-id=\"a0897d1\" data-element_type=\"widget\" data-e-type=\"widget\" data-widget_type=\"text-editor.default\">\n\t\t\t\t<div class=\"elementor-widget-container\">\n\t\t\t\t\t\t\t\t\t<p>Imagine isso por um momento:<\/p>\n<p>Voc\u00ea est\u00e1 correndo por uma estrada solit\u00e1ria no meio da <strong>Patag\u00f4nia<\/strong>. \u00c0 sua esquerda, as <strong>Torres del Paine<\/strong> se erguem como gigantes de granito. \u00c0 sua direita, um lago turquesa reflete o c\u00e9u cheio de nuvens r\u00e1pidas. O vento te empurra, o ch\u00e3o range sob seus t\u00eanis, e um condor plana sobre sua cabe\u00e7a como se estivesse te acompanhando at\u00e9 a linha de chegada.   <\/p>\n<p>N\u00e3o \u00e9 um sonho, nem um filme de aventura. \u00c9 a <a href=\"https:\/\/rebelviajes.com\/pt-br\/product\/patagonian-international-marathon-25\/\"><strong>Patagonian International Marathon<\/strong><\/a>, uma das corridas mais espetaculares e emocionantes do planeta \u2014 e uma desculpa perfeita para conhecer um dos lugares mais selvagens e belos do mundo. <\/p>\n\t\t\t\t\t\t\t\t<\/div>\n\t\t\t\t<\/div>\n\t\t\t\t<div class=\"elementor-element elementor-element-31cfeb5 elementor-widget elementor-widget-image\" data-id=\"31cfeb5\" data-element_type=\"widget\" data-e-type=\"widget\" data-widget_type=\"image.default\">\n\t\t\t\t<div class=\"elementor-widget-container\">\n\t\t\t\t\t\t\t\t\t\t\t\t\t\t\t<img fetchpriority=\"high\" decoding=\"async\" width=\"600\" height=\"350\" src=\"https:\/\/rebelviajes.com\/wp-content\/uploads\/2025\/06\/patagonian-marathon.jpeg\" class=\"attachment-full size-full wp-image-990126973\" alt=\"\" srcset=\"https:\/\/rebelviajes.com\/wp-content\/uploads\/2025\/06\/patagonian-marathon.jpeg 600w, https:\/\/rebelviajes.com\/wp-content\/uploads\/2025\/06\/patagonian-marathon-300x175.jpeg 300w\" sizes=\"(max-width: 600px) 100vw, 600px\" \/>\t\t\t\t\t\t\t\t\t\t\t\t\t\t\t<\/div>\n\t\t\t\t<\/div>\n\t\t\t\t<div class=\"elementor-element elementor-element-83d07a2 elementor-widget elementor-widget-heading\" data-id=\"83d07a2\" data-element_type=\"widget\" data-e-type=\"widget\" data-widget_type=\"heading.default\">\n\t\t\t\t<div class=\"elementor-widget-container\">\n\t\t\t\t\t<h3 class=\"elementor-heading-title elementor-size-default\">\ud83d\udccd Onde acontece a corrida?<\/h3>\t\t\t\t<\/div>\n\t\t\t\t<\/div>\n\t\t\t\t<div class=\"elementor-element elementor-element-abb2d43 elementor-widget elementor-widget-text-editor\" data-id=\"abb2d43\" data-element_type=\"widget\" data-e-type=\"widget\" data-widget_type=\"text-editor.default\">\n\t\t\t\t<div class=\"elementor-widget-container\">\n\t\t\t\t\t\t\t\t\t<p>No <strong>Parque Nacional Torres del Paine<\/strong>, no sul do <strong>Chile<\/strong>. Um lugar t\u00e3o m\u00e1gico que parece de outro mundo: montanhas \u00edngremes, geleiras milenares, campos infinitos, guanacos curiosos, lagos com cores inacredit\u00e1veis e um c\u00e9u que muda a cada cinco minutos. <\/p>\n<p>O parque j\u00e1 foi eleito <strong>um dos destinos mais bonitos do mundo<\/strong> por National Geographic, Lonely Planet e por milhares de viajantes que ficam sem palavras ao visit\u00e1-lo. E voc\u00ea? Vai ficar de fora?  <\/p>\n\t\t\t\t\t\t\t\t<\/div>\n\t\t\t\t<\/div>\n\t\t\t\t<div class=\"elementor-element elementor-element-870edb5 elementor-widget elementor-widget-heading\" data-id=\"870edb5\" data-element_type=\"widget\" data-e-type=\"widget\" data-widget_type=\"heading.default\">\n\t\t\t\t<div class=\"elementor-widget-container\">\n\t\t\t\t\t<h3 class=\"elementor-heading-title elementor-size-default\">\ud83c\udfc1 O que torna essa maratona t\u00e3o especial?<\/h3>\t\t\t\t<\/div>\n\t\t\t\t<\/div>\n\t\t\t\t<div class=\"elementor-element elementor-element-c61c7bd elementor-widget elementor-widget-text-editor\" data-id=\"c61c7bd\" data-element_type=\"widget\" data-e-type=\"widget\" data-widget_type=\"text-editor.default\">\n\t\t\t\t<div class=\"elementor-widget-container\">\n\t\t\t\t\t\t\t\t\t<p>Essa n\u00e3o \u00e9 uma maratona urbana. N\u00e3o h\u00e1 ruas, sem\u00e1foros ou multid\u00f5es. Aqui, o que voc\u00ea vai encontrar \u00e9 <strong>natureza em estado puro<\/strong>, clima imprevis\u00edvel e um esp\u00edrito de aventura como poucos.  <\/p>\n<ul>\n<li>\ud83c\udf04 <strong>O cen\u00e1rio \u00e9 uma paisagem de cart\u00e3o-postal a cada quil\u00f4metro<\/strong>.<\/li>\n<li>\ud83c\udf2c\ufe0f <strong>O clima \u00e9 um desafio \u00e0 parte<\/strong>. Pode ter sol forte, vento patag\u00f4nico, chuva ou neve&#8230; \u00e0s vezes tudo no mesmo dia! <\/li>\n<li>\ud83e\udd1d <strong>O ambiente \u00e9 internacional e muito acolhedor<\/strong>. Corredores do mundo todo compartilham o trajeto, o cansa\u00e7o, a emo\u00e7\u00e3o e a alegria de estarem nesse cantinho do planeta. <\/li>\n<\/ul>\n\t\t\t\t\t\t\t\t<\/div>\n\t\t\t\t<\/div>\n\t\t\t\t<div class=\"elementor-element elementor-element-9aa9b83 elementor-widget elementor-widget-heading\" data-id=\"9aa9b83\" data-element_type=\"widget\" data-e-type=\"widget\" data-widget_type=\"heading.default\">\n\t\t\t\t<div class=\"elementor-widget-container\">\n\t\t\t\t\t<h3 class=\"elementor-heading-title elementor-size-default\">\ud83d\udc5f N\u00e3o \u00e9 s\u00f3 para atletas de elite: voc\u00ea tamb\u00e9m pode correr<\/h3>\t\t\t\t<\/div>\n\t\t\t\t<\/div>\n\t\t\t\t<div class=\"elementor-element elementor-element-b4f5b0d elementor-widget elementor-widget-text-editor\" data-id=\"b4f5b0d\" data-element_type=\"widget\" data-e-type=\"widget\" data-widget_type=\"text-editor.default\">\n\t\t\t\t<div class=\"elementor-widget-container\">\n\t\t\t\t\t\t\t\t\t<p>A boa not\u00edcia \u00e9 que voc\u00ea n\u00e3o precisa ser um atleta profissional para viver essa experi\u00eancia. O <a href=\"https:\/\/rebelviajes.com\/pt-br\/product\/patagonian-international-marathon-25\/\"><strong>Patagonian International Marathon<\/strong><\/a> oferece v\u00e1rias categorias de dist\u00e2ncia, desde os acess\u00edveis 10K at\u00e9 a exigente maratona completa de 42K. <\/p>\n<p>Seja qual for o seu n\u00edvel, o que importa \u00e9 <strong>superar o medo e dizer sim \u00e0 aventura<\/strong>.<\/p>\n<p>E se voc\u00ea est\u00e1 preocupado com a organiza\u00e7\u00e3o, o idioma, os deslocamentos ou a hospedagem, pode ficar tranquilo. N\u00f3s cuidamos de tudo. <strong>Voc\u00ea corre, a gente faz o resto<\/strong>.  <\/p>\n\t\t\t\t\t\t\t\t<\/div>\n\t\t\t\t<\/div>\n\t\t\t\t<div class=\"elementor-element elementor-element-ba1f752 elementor-widget elementor-widget-heading\" data-id=\"ba1f752\" data-element_type=\"widget\" data-e-type=\"widget\" data-widget_type=\"heading.default\">\n\t\t\t\t<div class=\"elementor-widget-container\">\n\t\t\t\t\t<h3 class=\"elementor-heading-title elementor-size-default\">\ud83e\udded Com nosso programa, voc\u00ea vive a experi\u00eancia completa (sem estresse)<\/h3>\t\t\t\t<\/div>\n\t\t\t\t<\/div>\n\t\t\t\t<div class=\"elementor-element elementor-element-5d7408a elementor-widget elementor-widget-text-editor\" data-id=\"5d7408a\" data-element_type=\"widget\" data-e-type=\"widget\" data-widget_type=\"text-editor.default\">\n\t\t\t\t<div class=\"elementor-widget-container\">\n\t\t\t\t\t\t\t\t\t<p>Desde o momento em que voc\u00ea pisa na <strong>Patag\u00f4nia<\/strong> at\u00e9 cruzar a linha de chegada, voc\u00ea estar\u00e1 acompanhado pela nossa equipe. Cuidamos de cada detalhe para que tudo aconte\u00e7a sem complica\u00e7\u00f5es: <\/p>\n<p>\u2705 Hospedagem confort\u00e1vel em Puerto Natales<br \/>\u2705 Traslados at\u00e9 o parque e ao ponto de largada<br \/>\u2705 Inscri\u00e7\u00e3o oficial na corrida<br \/>\u2705 Dicas sobre equipamentos, clima e alimenta\u00e7\u00e3o<br \/>\u2705 Apoio local e assist\u00eancia personalizada<br \/>\u2705 E claro, boa energia e esp\u00edrito de equipe!<\/p>\n\t\t\t\t\t\t\t\t<\/div>\n\t\t\t\t<\/div>\n\t\t\t\t<div class=\"elementor-element elementor-element-4400800 elementor-widget elementor-widget-image\" data-id=\"4400800\" data-element_type=\"widget\" data-e-type=\"widget\" data-widget_type=\"image.default\">\n\t\t\t\t<div class=\"elementor-widget-container\">\n\t\t\t\t\t\t\t\t\t\t\t\t\t\t\t<img decoding=\"async\" width=\"1200\" height=\"900\" src=\"https:\/\/rebelviajes.com\/wp-content\/uploads\/2025\/06\/patagonian-marathon1-e1749151472778.jpg\" class=\"attachment-full size-full wp-image-990126879\" alt=\"\" \/>\t\t\t\t\t\t\t\t\t\t\t\t\t\t\t<\/div>\n\t\t\t\t<\/div>\n\t\t\t\t<div class=\"elementor-element elementor-element-b0c324a elementor-widget elementor-widget-heading\" data-id=\"b0c324a\" data-element_type=\"widget\" data-e-type=\"widget\" data-widget_type=\"heading.default\">\n\t\t\t\t<div class=\"elementor-widget-container\">\n\t\t\t\t\t<h3 class=\"elementor-heading-title elementor-size-default\">\ud83c\udfbd Por que fazer com a gente?<\/h3>\t\t\t\t<\/div>\n\t\t\t\t<\/div>\n\t\t\t\t<div class=\"elementor-element elementor-element-67de211 elementor-widget elementor-widget-text-editor\" data-id=\"67de211\" data-element_type=\"widget\" data-e-type=\"widget\" data-widget_type=\"text-editor.default\">\n\t\t\t\t<div class=\"elementor-widget-container\">\n\t\t\t\t\t\t\t\t\t<p>Porque n\u00e3o vendemos viagens. <strong>Criamos aventuras que ficam para sempre na sua mem\u00f3ria<\/strong>.<\/p>\n<p>Sabemos que n\u00e3o \u00e9 todo dia que se corre em um dos lugares mais incr\u00edveis do planeta. Por isso, cuidamos de cada detalhe com carinho, para que voc\u00ea s\u00f3 precise treinar, respirar fundo\u2026 e viver a experi\u00eancia. <\/p>\n\t\t\t\t\t\t\t\t<\/div>\n\t\t\t\t<\/div>\n\t\t\t\t<div class=\"elementor-element elementor-element-fcff305 elementor-widget elementor-widget-heading\" data-id=\"fcff305\" data-element_type=\"widget\" data-e-type=\"widget\" data-widget_type=\"heading.default\">\n\t\t\t\t<div class=\"elementor-widget-container\">\n\t\t\t\t\t<h3 class=\"elementor-heading-title elementor-size-default\">\ud83c\udfd4\ufe0f A maratona mais \u00e9pica da sua vida est\u00e1 na Patag\u00f4nia<\/h3>\t\t\t\t<\/div>\n\t\t\t\t<\/div>\n\t\t\t\t<div class=\"elementor-element elementor-element-b0f2e45 elementor-widget elementor-widget-text-editor\" data-id=\"b0f2e45\" data-element_type=\"widget\" data-e-type=\"widget\" data-widget_type=\"text-editor.default\">\n\t\t\t\t<div class=\"elementor-widget-container\">\n\t\t\t\t\t\t\t\t\t<p>Correr em Torres del Paine \u00e9 muito mais do que uma corrida. \u00c9 se conectar com a natureza, com o seu corpo, com a sua for\u00e7a interior. <\/p>\n<p>\u00c9 se sentir pequeno diante da imensid\u00e3o\u2026 e ao mesmo tempo, poderoso por estar ali, enfrentando o vento, o frio e a si mesmo.<\/p>\n<p>Ent\u00e3o, se voc\u00ea est\u00e1 procurando mais do que uma medalha, se quer uma hist\u00f3ria pra contar, se sente aquela fa\u00edsca de aventura no peito&#8230;<\/p>\n<p><strong>Esse \u00e9 o seu momento.<\/strong><\/p>\n<p>\ud83d\udc49 Escreva para a gente e te contamos como participar do programa.<br \/>\ud83d\udce9 Voc\u00ea corre tranquilo(a)\u2026 n\u00f3s te levamos at\u00e9 o fim do mundo!<\/p>\n\t\t\t\t\t\t\t\t<\/div>\n\t\t\t\t<\/div>\n\t\t\t\t\t<\/div>\n\t\t<\/div>\n\t\t\t\t\t<\/div>\n\t\t<\/section>\n\t\t\t\t<\/div>\n\t\t","protected":false},"excerpt":{"rendered":"<p>Imagine isso por um momento: Voc\u00ea est\u00e1 correndo por uma estrada solit\u00e1ria no meio da Patag\u00f4nia. \u00c0 sua esquerda, as Torres del Paine se erguem como gigantes de granito. \u00c0 sua direita, um lago turquesa reflete o c\u00e9u cheio de nuvens r\u00e1pidas. O vento te empurra, o ch\u00e3o range sob seus t\u00eanis, e um condor [&hellip;]<\/p>\n","protected":false},"author":3,"featured_media":990116456,"comment_status":"open","ping_status":"open","sticky":false,"template":"","format":"standard","meta":{"site-sidebar-layout":"default","site-content-layout":"","ast-site-content-layout":"default","site-content-style":"default","site-sidebar-style":"default","ast-global-header-display":"","ast-banner-title-visibility":"","ast-main-header-display":"","ast-hfb-above-header-display":"","ast-hfb-below-header-display":"","ast-hfb-mobile-header-display":"","site-post-title":"","ast-breadcrumbs-content":"","ast-featured-img":"","footer-sml-layout":"","ast-disable-related-posts":"","theme-transparent-header-meta":"","adv-header-id-meta":"","stick-header-meta":"","header-above-stick-meta":"","header-main-stick-meta":"","header-below-stick-meta":"","astra-migrate-meta-layouts":"default","ast-page-background-enabled":"default","ast-page-background-meta":{"desktop":{"background-color":"","background-image":"","background-repeat":"repeat","background-position":"center center","background-size":"auto","background-attachment":"scroll","background-type":"","background-media":"","overlay-type":"","overlay-color":"","overlay-opacity":"","overlay-gradient":""},"tablet":{"background-color":"","background-image":"","background-repeat":"repeat","background-position":"center center","background-size":"auto","background-attachment":"scroll","background-type":"","background-media":"","overlay-type":"","overlay-color":"","overlay-opacity":"","overlay-gradient":""},"mobile":{"background-color":"","background-image":"","background-repeat":"repeat","background-position":"center center","background-size":"auto","background-attachment":"scroll","background-type":"","background-media":"","overlay-type":"","overlay-color":"","overlay-opacity":"","overlay-gradient":""}},"ast-content-background-meta":{"desktop":{"background-color":"var(--ast-global-color-5)","background-image":"","background-repeat":"repeat","background-position":"center center","background-size":"auto","background-attachment":"scroll","background-type":"","background-media":"","overlay-type":"","overlay-color":"","overlay-opacity":"","overlay-gradient":""},"tablet":{"background-color":"var(--ast-global-color-5)","background-image":"","background-repeat":"repeat","background-position":"center center","background-size":"auto","background-attachment":"scroll","background-type":"","background-media":"","overlay-type":"","overlay-color":"","overlay-opacity":"","overlay-gradient":""},"mobile":{"background-color":"var(--ast-global-color-5)","background-image":"","background-repeat":"repeat","background-position":"center center","background-size":"auto","background-attachment":"scroll","background-type":"","background-media":"","overlay-type":"","overlay-color":"","overlay-opacity":"","overlay-gradient":""}},"footnotes":""},"categories":[3],"tags":[],"class_list":["post-990126933","post","type-post","status-publish","format-standard","has-post-thumbnail","hentry","category-nao-categorizado"],"_links":{"self":[{"href":"https:\/\/rebelviajes.com\/pt-br\/wp-json\/wp\/v2\/posts\/990126933","targetHints":{"allow":["GET"]}}],"collection":[{"href":"https:\/\/rebelviajes.com\/pt-br\/wp-json\/wp\/v2\/posts"}],"about":[{"href":"https:\/\/rebelviajes.com\/pt-br\/wp-json\/wp\/v2\/types\/post"}],"author":[{"embeddable":true,"href":"https:\/\/rebelviajes.com\/pt-br\/wp-json\/wp\/v2\/users\/3"}],"replies":[{"embeddable":true,"href":"https:\/\/rebelviajes.com\/pt-br\/wp-json\/wp\/v2\/comments?post=990126933"}],"version-history":[{"count":0,"href":"https:\/\/rebelviajes.com\/pt-br\/wp-json\/wp\/v2\/posts\/990126933\/revisions"}],"wp:featuredmedia":[{"embeddable":true,"href":"https:\/\/rebelviajes.com\/pt-br\/wp-json\/wp\/v2\/media\/990116456"}],"wp:attachment":[{"href":"https:\/\/rebelviajes.com\/pt-br\/wp-json\/wp\/v2\/media?parent=990126933"}],"wp:term":[{"taxonomy":"category","embeddable":true,"href":"https:\/\/rebelviajes.com\/pt-br\/wp-json\/wp\/v2\/categories?post=990126933"},{"taxonomy":"post_tag","embeddable":true,"href":"https:\/\/rebelviajes.com\/pt-br\/wp-json\/wp\/v2\/tags?post=990126933"}],"curies":[{"name":"wp","href":"https:\/\/api.w.org\/{rel}","templated":true}]}}